{"id":2859,"date":"2019-04-10T10:18:53","date_gmt":"2019-04-10T08:18:53","guid":{"rendered":"https:\/\/solenetardivon.com\/?p=2859"},"modified":"2019-10-30T10:35:22","modified_gmt":"2019-10-30T09:35:22","slug":"delattre-events-la-location-de-decorations-sur-la-cote-dopale","status":"publish","type":"post","link":"https:\/\/solenetardivon.com\/index.php\/2019\/04\/10\/delattre-events-la-location-de-decorations-sur-la-cote-dopale\/","title":{"rendered":"Delattre events, la location de d\u00e9corations sur la c\u00f4te d&rsquo;Opale"},"content":{"rendered":"<p>Delattre events c&rsquo;est une toute jeune entreprise de<strong> location de mat\u00e9riel<\/strong>\u00a0pour tous vos \u00e9v\u00e8nements sur la <strong>c\u00f4te d&rsquo;Opale<\/strong> ! De la location de d\u00e9corations, sono ou encore borne \u00e0 selfie, Perrine et Anthony vous proposent une alliance de technologie et de bon go\u00fbt pour embellir tous vos projets !<\/p>\n<p>&nbsp;<\/p>\n<p>\u00ab\u00a0Nous, c\u2019est Anthony et Perrine, fondateurs de Delattre Events. Deux passionn\u00e9s depuis toujours par l\u2019<strong>organisation d\u2019\u00e9v\u00e9nements<\/strong>. Anthony est un mordu de\u00a0<strong>technologies<\/strong>, de\u00a0<strong>sonorisation<\/strong>\u00a0et d\u2019<strong>\u00e9clairages<\/strong>\u00a0depuis l\u2019\u00e2ge de 16 ans. Perrine, quant \u00e0 elle, est une fanatique d\u2019objets en tout genre, elle adore cr\u00e9er et d\u00e9corer. Notre volont\u00e9 : proposer un large choix d\u2019<strong>\u00e9quipements et d\u2019objets \u00e0 louer<\/strong>\u00a0dans le but d\u2019aider nos clients \u00e0 organiser des \u00e9v\u00e9nements formidables dont ils se souviendront longtemps.<\/p>\n<p>Dans ce but, nous travaillons sans rel\u00e2che pour \u00e9laborer des offres qui s\u2019adaptent \u00e0 tous les budgets, pour les particuliers mais aussi pour les professionnels. Nous sommes sans cesse \u00e0 la recherche de nouveaux instruments, alors comptez sur nous pour toujours vous d\u00e9nicher de nouveaux engins et machins !\u00a0\u00bb<\/p>\n<p>&nbsp;<\/p>\n<p><strong>Pour les contacter :\u00a0<\/strong><\/p>\n<p>(+33) 06 83 85 16 23<\/p>\n<p>delattre-events@outlook.fr<\/p>\n<p><a href=\"https:\/\/delattre-events.fr\/\">delattre-events.fr<\/a><\/p>\n<p>&nbsp;<\/p>\n<p>&nbsp;<\/p>\n<p><img decoding=\"async\" loading=\"lazy\" class=\"aligncenter wp-image-2879 size-full\" src=\"https:\/\/solenetardivon.com\/wp-content\/uploads\/2019\/10\/Logo-png.png\" alt=\"\" width=\"1024\" height=\"907\" srcset=\"https:\/\/solenetardivon.com\/wp-content\/uploads\/2019\/10\/Logo-png.png 1024w, https:\/\/solenetardivon.com\/wp-content\/uploads\/2019\/10\/Logo-png-300x266.png 300w, https:\/\/solenetardivon.com\/wp-content\/uploads\/2019\/10\/Logo-png-768x680.png 768w\" sizes=\"(max-width: 1024px) 100vw, 1024px\" \/><\/p>\n","protected":false},"excerpt":{"rendered":"<p>Delattre events c&rsquo;est une toute jeune entreprise de location de mat\u00e9riel\u00a0pour tous vos \u00e9v\u00e8nements sur la c\u00f4te d&rsquo;Opale ! De la location de d\u00e9corations, sono ou encore borne \u00e0 selfie, Perrine et Anthony vous proposent une alliance de technologie et de bon go\u00fbt pour embellir tous vos projets ! &nbsp; \u00ab\u00a0Nous, c\u2019est Anthony et Perrine, &hellip; <\/p>\n<p class=\"link-more\"><a href=\"https:\/\/solenetardivon.com\/index.php\/2019\/04\/10\/delattre-events-la-location-de-decorations-sur-la-cote-dopale\/\" class=\"more-link\">Lire la suite de<span class=\"screen-reader-text\">\u00ab\u00a0Delattre events, la location de d\u00e9corations sur la c\u00f4te d&rsquo;Opale\u00a0\u00bb<\/span><\/a><\/p>\n","protected":false},"author":1,"featured_media":2879,"comment_status":"open","ping_status":"open","sticky":false,"template":"","format":"standard","meta":{"_seopress_robots_primary_cat":"none","_seopress_titles_title":"","_seopress_titles_desc":"","_seopress_robots_index":"","_monsterinsights_skip_tracking":false,"_monsterinsights_sitenote_active":false,"_monsterinsights_sitenote_note":"","_monsterinsights_sitenote_category":0},"categories":[337],"tags":[],"_links":{"self":[{"href":"https:\/\/solenetardivon.com\/index.php\/wp-json\/wp\/v2\/posts\/2859"}],"collection":[{"href":"https:\/\/solenetardivon.com\/index.php\/wp-json\/wp\/v2\/posts"}],"about":[{"href":"https:\/\/solenetardivon.com\/index.php\/wp-json\/wp\/v2\/types\/post"}],"author":[{"embeddable":true,"href":"https:\/\/solenetardivon.com\/index.php\/wp-json\/wp\/v2\/users\/1"}],"replies":[{"embeddable":true,"href":"https:\/\/solenetardivon.com\/index.php\/wp-json\/wp\/v2\/comments?post=2859"}],"version-history":[{"count":5,"href":"https:\/\/solenetardivon.com\/index.php\/wp-json\/wp\/v2\/posts\/2859\/revisions"}],"predecessor-version":[{"id":2881,"href":"https:\/\/solenetardivon.com\/index.php\/wp-json\/wp\/v2\/posts\/2859\/revisions\/2881"}],"wp:featuredmedia":[{"embeddable":true,"href":"https:\/\/solenetardivon.com\/index.php\/wp-json\/wp\/v2\/media\/2879"}],"wp:attachment":[{"href":"https:\/\/solenetardivon.com\/index.php\/wp-json\/wp\/v2\/media?parent=2859"}],"wp:term":[{"taxonomy":"category","embeddable":true,"href":"https:\/\/solenetardivon.com\/index.php\/wp-json\/wp\/v2\/categories?post=2859"},{"taxonomy":"post_tag","embeddable":true,"href":"https:\/\/solenetardivon.com\/index.php\/wp-json\/wp\/v2\/tags?post=2859"}],"curies":[{"name":"wp","href":"https:\/\/api.w.org\/{rel}","templated":true}]}}